{"id":5892,"date":"2022-09-05T10:25:10","date_gmt":"2022-09-05T08:25:10","guid":{"rendered":"https:\/\/dominiquedorla.re\/?p=5892"},"modified":"2024-04-13T14:35:49","modified_gmt":"2024-04-13T12:35:49","slug":"la-kaz-art-son-bientot-a-saint-pierre","status":"publish","type":"post","link":"https:\/\/dominiquedorla.re\/en\/la-kaz-art-son-bientot-a-saint-pierre\/","title":{"rendered":"La Kaz Art &#038; Son, bient\u00f4t \u00e0 Saint Pierre"},"content":{"rendered":"<div class=\"vc_row wpb_row vc_row-fluid vc_custom_1539159563009\" ><div class=\"wpb_column vc_column_container vc_col-sm-12\"><div class=\"vc_column-inner\"><div class=\"wpb_wrapper\">\n\t<div class=\"wpb_text_column wpb_content_element\" >\n\t\t<div class=\"wpb_wrapper\">\n\t\t\t<p>Dominique Dorla a le plaisir de vous faire part avec Michel Plane de l&rsquo;ouverture prochaine de leur espace d&rsquo;exposition, La Kaz Art &amp; Son au 26 rue Fran\u00e7ois Isautier \u00e0 Saint Pierre.<\/p>\n<p>Inscrivez vous\u00a0 \u00e0 la Newsletter pour \u00eatre tenus au courant de son ouverture et des \u00e9v\u00e9nements et nouveaut\u00e9s en cours.<\/p>\n<p><a class=\"linkificator-ext\" style=\"color: #0000ff; background-color: #fff9ab;\" title=\"Linkificator: http:\/\/eepurl.com\/h-heOn\" href=\"http:\/\/eepurl.com\/h-heOn\" rel=\"noreferrer\">http:\/\/eepurl.com\/h-heOn<\/a><br \/>\nDominique DORLA &amp; Michel PLANE, cofondateurs.<br \/>\n<a class=\"linkificator-ext\" style=\"color: #0000ff; background-color: #fff9ab;\" title=\"Linkificator: https:\/\/lakazartson.re\" href=\"https:\/\/lakazartson.re\" rel=\"noreferrer\">https:\/\/lakazartson.re<\/a>\/<br \/>\nTel: +262 692 85 16 13<\/p>\n\n\t\t<\/div>\n\t<\/div>\n<\/div><\/div><\/div><\/div><div class=\"vc_row wpb_row vc_row-fluid vc_custom_1539160214379\" ><div class=\"wpb_column vc_column_container vc_col-sm-12\"><div class=\"vc_column-inner\"><div class=\"wpb_wrapper\"><div class=\"vc_empty_space\"   style=\"height: 33px\"><span class=\"vc_empty_space_inner\"><\/span><\/div>\n<div class=\"vc_grid-container-wrapper vc_clearfix vc_grid-animation-zoomIn\">\n\t<div class=\"vc_grid-container vc_clearfix wpb_content_element vc_masonry_media_grid\" data-initial-loading-animation=\"zoomIn\" data-vc-grid-settings=\"{&quot;page_id&quot;:5892,&quot;style&quot;:&quot;all-masonry&quot;,&quot;action&quot;:&quot;vc_get_vc_grid_data&quot;,&quot;shortcode_id&quot;:&quot;1662401227551-b816fd43-4b5c-2&quot;,&quot;tag&quot;:&quot;vc_masonry_media_grid&quot;}\" data-vc-request=\"https:\/\/dominiquedorla.re\/wp-admin\/admin-ajax.php\" data-vc-post-id=\"5892\" data-vc-public-nonce=\"7159d47a87\">\n\t\t\n\t<\/div>\n<\/div><\/div><\/div><\/div><\/div>","protected":false},"excerpt":{"rendered":"Dominique Dorla a le plaisir de vous faire part avec Michel Plane de l'ouverture prochaine de leur espace d'exposition, La Kaz Art &amp; Son au 26 rue Fran\u00e7ois Isautier \u00e0 Saint Pierre. Inscrivez vous\u00a0 \u00e0 la Newsletter pour \u00eatre tenus au courant de son ouverture et des \u00e9v\u00e9nements et nouveaut\u00e9s en cours. http:\/\/eepurl.com\/h-heOn Dominique DORLA &amp; Michel PLANE, cofondateurs. https:\/\/lakazartson.re\/ Tel: +262 692 85 16 13","protected":false},"author":2,"featured_media":5935,"comment_status":"open","ping_status":"open","sticky":false,"template":"","format":"standard","meta":{"footnotes":""},"categories":[66],"tags":[],"class_list":["post-5892","post","type-post","status-publish","format-standard","has-post-thumbnail","hentry","category-evenement-passe"],"yoast_head":"<!-- This site is optimized with the Yoast SEO plugin v27.4 - https:\/\/yoast.com\/product\/yoast-seo-wordpress\/ -->\n<title>La Kaz Art &amp; Son, bient\u00f4t \u00e0 Saint Pierre - Dominique DORLA<\/title>\n<meta name=\"description\" content=\"Dominique Dorla, artiste, a le plaisir de vous faire part avec Michel Plane de l&#039;ouverture prochaine de leur espace d&#039;exposition, La Kaz Art &amp; Son au 26 rue Fran\u00e7ois Isautier \u00e0 Saint Pierre, R\u00e9union\" \/>\n<meta name=\"robots\" content=\"index, follow, max-snippet:-1, max-image-preview:large, max-video-preview:-1\" \/>\n<link rel=\"canonical\" href=\"https:\/\/dominiquedorla.re\/en\/la-kaz-art-son-bientot-a-saint-pierre\/\" \/>\n<meta property=\"og:locale\" content=\"en_US\" \/>\n<meta property=\"og:type\" content=\"article\" \/>\n<meta property=\"og:title\" content=\"La Kaz Art &amp; Son, bient\u00f4t \u00e0 Saint Pierre - Dominique DORLA\" \/>\n<meta property=\"og:description\" content=\"Dominique Dorla, artiste, a le plaisir de vous faire part avec Michel Plane de l&#039;ouverture prochaine de leur espace d&#039;exposition, La Kaz Art &amp; Son au 26 rue Fran\u00e7ois Isautier \u00e0 Saint Pierre, R\u00e9union\" \/>\n<meta property=\"og:url\" content=\"https:\/\/dominiquedorla.re\/en\/la-kaz-art-son-bientot-a-saint-pierre\/\" \/>\n<meta property=\"og:site_name\" content=\"Dominique DORLA\" \/>\n<meta property=\"article:published_time\" content=\"2022-09-05T08:25:10+00:00\" \/>\n<meta property=\"article:modified_time\" content=\"2024-04-13T12:35:49+00:00\" \/>\n<meta property=\"og:image\" content=\"https:\/\/dominiquedorla.re\/wp-content\/uploads\/2022\/09\/la-kaz-art-son-galerie-974-Dominique-Dorla-artiste-re\u0301union-MPAudio-Michel-Plane-scaled.jpg\" \/>\n\t<meta property=\"og:image:width\" content=\"1900\" \/>\n\t<meta property=\"og:image:height\" content=\"1239\" \/>\n\t<meta property=\"og:image:type\" content=\"image\/jpeg\" \/>\n<meta name=\"author\" content=\"Michel Plane\" \/>\n<meta name=\"twitter:card\" content=\"summary_large_image\" \/>\n<meta name=\"twitter:label1\" content=\"Written by\" \/>\n\t<meta name=\"twitter:data1\" content=\"Michel Plane\" \/>\n\t<meta name=\"twitter:label2\" content=\"Est. reading time\" \/>\n\t<meta name=\"twitter:data2\" content=\"1 minute\" \/>\n<script type=\"application\/ld+json\" class=\"yoast-schema-graph\">{\"@context\":\"https:\\\/\\\/schema.org\",\"@graph\":[{\"@type\":\"Article\",\"@id\":\"https:\\\/\\\/dominiquedorla.re\\\/la-kaz-art-son-bientot-a-saint-pierre\\\/#article\",\"isPartOf\":{\"@id\":\"https:\\\/\\\/dominiquedorla.re\\\/la-kaz-art-son-bientot-a-saint-pierre\\\/\"},\"author\":{\"name\":\"Michel Plane\",\"@id\":\"https:\\\/\\\/dominiquedorla.re\\\/#\\\/schema\\\/person\\\/b353b1a0fa6c63575fb826d99e4cd7fb\"},\"headline\":\"La Kaz Art &#038; Son, bient\u00f4t \u00e0 Saint Pierre\",\"datePublished\":\"2022-09-05T08:25:10+00:00\",\"dateModified\":\"2024-04-13T12:35:49+00:00\",\"mainEntityOfPage\":{\"@id\":\"https:\\\/\\\/dominiquedorla.re\\\/la-kaz-art-son-bientot-a-saint-pierre\\\/\"},\"wordCount\":130,\"commentCount\":0,\"publisher\":{\"@id\":\"https:\\\/\\\/dominiquedorla.re\\\/#organization\"},\"image\":{\"@id\":\"https:\\\/\\\/dominiquedorla.re\\\/la-kaz-art-son-bientot-a-saint-pierre\\\/#primaryimage\"},\"thumbnailUrl\":\"https:\\\/\\\/dominiquedorla.re\\\/wp-content\\\/uploads\\\/2022\\\/09\\\/la-kaz-art-son-galerie-974-Dominique-Dorla-artiste-re\u0301union-MPAudio-Michel-Plane-scaled.jpg\",\"articleSection\":[\"\u00c9v\u00e8nement pass\u00e9\"],\"inLanguage\":\"en-US\",\"potentialAction\":[{\"@type\":\"CommentAction\",\"name\":\"Comment\",\"target\":[\"https:\\\/\\\/dominiquedorla.re\\\/la-kaz-art-son-bientot-a-saint-pierre\\\/#respond\"]}]},{\"@type\":\"WebPage\",\"@id\":\"https:\\\/\\\/dominiquedorla.re\\\/la-kaz-art-son-bientot-a-saint-pierre\\\/\",\"url\":\"https:\\\/\\\/dominiquedorla.re\\\/la-kaz-art-son-bientot-a-saint-pierre\\\/\",\"name\":\"La Kaz Art & Son, bient\u00f4t \u00e0 Saint Pierre - Dominique DORLA\",\"isPartOf\":{\"@id\":\"https:\\\/\\\/dominiquedorla.re\\\/#website\"},\"primaryImageOfPage\":{\"@id\":\"https:\\\/\\\/dominiquedorla.re\\\/la-kaz-art-son-bientot-a-saint-pierre\\\/#primaryimage\"},\"image\":{\"@id\":\"https:\\\/\\\/dominiquedorla.re\\\/la-kaz-art-son-bientot-a-saint-pierre\\\/#primaryimage\"},\"thumbnailUrl\":\"https:\\\/\\\/dominiquedorla.re\\\/wp-content\\\/uploads\\\/2022\\\/09\\\/la-kaz-art-son-galerie-974-Dominique-Dorla-artiste-re\u0301union-MPAudio-Michel-Plane-scaled.jpg\",\"datePublished\":\"2022-09-05T08:25:10+00:00\",\"dateModified\":\"2024-04-13T12:35:49+00:00\",\"description\":\"Dominique Dorla, artiste, a le plaisir de vous faire part avec Michel Plane de l'ouverture prochaine de leur espace d'exposition, La Kaz Art & Son au 26 rue Fran\u00e7ois Isautier \u00e0 Saint Pierre, R\u00e9union\",\"breadcrumb\":{\"@id\":\"https:\\\/\\\/dominiquedorla.re\\\/la-kaz-art-son-bientot-a-saint-pierre\\\/#breadcrumb\"},\"inLanguage\":\"en-US\",\"potentialAction\":[{\"@type\":\"ReadAction\",\"target\":[\"https:\\\/\\\/dominiquedorla.re\\\/la-kaz-art-son-bientot-a-saint-pierre\\\/\"]}]},{\"@type\":\"ImageObject\",\"inLanguage\":\"en-US\",\"@id\":\"https:\\\/\\\/dominiquedorla.re\\\/la-kaz-art-son-bientot-a-saint-pierre\\\/#primaryimage\",\"url\":\"https:\\\/\\\/dominiquedorla.re\\\/wp-content\\\/uploads\\\/2022\\\/09\\\/la-kaz-art-son-galerie-974-Dominique-Dorla-artiste-re\u0301union-MPAudio-Michel-Plane-scaled.jpg\",\"contentUrl\":\"https:\\\/\\\/dominiquedorla.re\\\/wp-content\\\/uploads\\\/2022\\\/09\\\/la-kaz-art-son-galerie-974-Dominique-Dorla-artiste-re\u0301union-MPAudio-Michel-Plane-scaled.jpg\",\"width\":1900,\"height\":1239,\"caption\":\"La Kaz Art & Son, galerie sur Saint-Pierre\"},{\"@type\":\"BreadcrumbList\",\"@id\":\"https:\\\/\\\/dominiquedorla.re\\\/la-kaz-art-son-bientot-a-saint-pierre\\\/#breadcrumb\",\"itemListElement\":[{\"@type\":\"ListItem\",\"position\":1,\"name\":\"Accueil\",\"item\":\"https:\\\/\\\/dominiquedorla.re\\\/\"},{\"@type\":\"ListItem\",\"position\":2,\"name\":\"La Kaz Art &#038; Son, bient\u00f4t \u00e0 Saint Pierre\"}]},{\"@type\":\"WebSite\",\"@id\":\"https:\\\/\\\/dominiquedorla.re\\\/#website\",\"url\":\"https:\\\/\\\/dominiquedorla.re\\\/\",\"name\":\"Dominique DORLA\",\"description\":\"Peintre, sculptrice bas\u00e9e \u00e0 la R\u00e9union\",\"publisher\":{\"@id\":\"https:\\\/\\\/dominiquedorla.re\\\/#organization\"},\"potentialAction\":[{\"@type\":\"SearchAction\",\"target\":{\"@type\":\"EntryPoint\",\"urlTemplate\":\"https:\\\/\\\/dominiquedorla.re\\\/?s={search_term_string}\"},\"query-input\":{\"@type\":\"PropertyValueSpecification\",\"valueRequired\":true,\"valueName\":\"search_term_string\"}}],\"inLanguage\":\"en-US\"},{\"@type\":\"Organization\",\"@id\":\"https:\\\/\\\/dominiquedorla.re\\\/#organization\",\"name\":\"Dominique DORLA - Artiste\",\"url\":\"https:\\\/\\\/dominiquedorla.re\\\/\",\"logo\":{\"@type\":\"ImageObject\",\"inLanguage\":\"en-US\",\"@id\":\"https:\\\/\\\/dominiquedorla.re\\\/#\\\/schema\\\/logo\\\/image\\\/\",\"url\":\"https:\\\/\\\/dominiquedorla.re\\\/wp-content\\\/uploads\\\/2021\\\/12\\\/logo.jpg\",\"contentUrl\":\"https:\\\/\\\/dominiquedorla.re\\\/wp-content\\\/uploads\\\/2021\\\/12\\\/logo.jpg\",\"width\":317,\"height\":148,\"caption\":\"Dominique DORLA - Artiste\"},\"image\":{\"@id\":\"https:\\\/\\\/dominiquedorla.re\\\/#\\\/schema\\\/logo\\\/image\\\/\"}},{\"@type\":\"Person\",\"@id\":\"https:\\\/\\\/dominiquedorla.re\\\/#\\\/schema\\\/person\\\/b353b1a0fa6c63575fb826d99e4cd7fb\",\"name\":\"Michel Plane\",\"image\":{\"@type\":\"ImageObject\",\"inLanguage\":\"en-US\",\"@id\":\"https:\\\/\\\/secure.gravatar.com\\\/avatar\\\/dfb83b57a1dedfc60afff5397d741221e4d6f923375a8760fd431b9e05b71041?s=96&d=mm&r=g\",\"url\":\"https:\\\/\\\/secure.gravatar.com\\\/avatar\\\/dfb83b57a1dedfc60afff5397d741221e4d6f923375a8760fd431b9e05b71041?s=96&d=mm&r=g\",\"contentUrl\":\"https:\\\/\\\/secure.gravatar.com\\\/avatar\\\/dfb83b57a1dedfc60afff5397d741221e4d6f923375a8760fd431b9e05b71041?s=96&d=mm&r=g\",\"caption\":\"Michel Plane\"},\"url\":\"https:\\\/\\\/dominiquedorla.re\\\/en\\\/author\\\/michel\\\/\"}]}<\/script>\n<!-- \/ Yoast SEO plugin. -->","yoast_head_json":{"title":"La Kaz Art & Son, bient\u00f4t \u00e0 Saint Pierre - Dominique DORLA","description":"Dominique Dorla, artiste, a le plaisir de vous faire part avec Michel Plane de l'ouverture prochaine de leur espace d'exposition, La Kaz Art & Son au 26 rue Fran\u00e7ois Isautier \u00e0 Saint Pierre, R\u00e9union","robots":{"index":"index","follow":"follow","max-snippet":"max-snippet:-1","max-image-preview":"max-image-preview:large","max-video-preview":"max-video-preview:-1"},"canonical":"https:\/\/dominiquedorla.re\/en\/la-kaz-art-son-bientot-a-saint-pierre\/","og_locale":"en_US","og_type":"article","og_title":"La Kaz Art & Son, bient\u00f4t \u00e0 Saint Pierre - Dominique DORLA","og_description":"Dominique Dorla, artiste, a le plaisir de vous faire part avec Michel Plane de l'ouverture prochaine de leur espace d'exposition, La Kaz Art & Son au 26 rue Fran\u00e7ois Isautier \u00e0 Saint Pierre, R\u00e9union","og_url":"https:\/\/dominiquedorla.re\/en\/la-kaz-art-son-bientot-a-saint-pierre\/","og_site_name":"Dominique DORLA","article_published_time":"2022-09-05T08:25:10+00:00","article_modified_time":"2024-04-13T12:35:49+00:00","og_image":[{"width":1900,"height":1239,"url":"https:\/\/dominiquedorla.re\/wp-content\/uploads\/2022\/09\/la-kaz-art-son-galerie-974-Dominique-Dorla-artiste-re\u0301union-MPAudio-Michel-Plane-scaled.jpg","type":"image\/jpeg"}],"author":"Michel Plane","twitter_card":"summary_large_image","twitter_misc":{"Written by":"Michel Plane","Est. reading time":"1 minute"},"schema":{"@context":"https:\/\/schema.org","@graph":[{"@type":"Article","@id":"https:\/\/dominiquedorla.re\/la-kaz-art-son-bientot-a-saint-pierre\/#article","isPartOf":{"@id":"https:\/\/dominiquedorla.re\/la-kaz-art-son-bientot-a-saint-pierre\/"},"author":{"name":"Michel Plane","@id":"https:\/\/dominiquedorla.re\/#\/schema\/person\/b353b1a0fa6c63575fb826d99e4cd7fb"},"headline":"La Kaz Art &#038; Son, bient\u00f4t \u00e0 Saint Pierre","datePublished":"2022-09-05T08:25:10+00:00","dateModified":"2024-04-13T12:35:49+00:00","mainEntityOfPage":{"@id":"https:\/\/dominiquedorla.re\/la-kaz-art-son-bientot-a-saint-pierre\/"},"wordCount":130,"commentCount":0,"publisher":{"@id":"https:\/\/dominiquedorla.re\/#organization"},"image":{"@id":"https:\/\/dominiquedorla.re\/la-kaz-art-son-bientot-a-saint-pierre\/#primaryimage"},"thumbnailUrl":"https:\/\/dominiquedorla.re\/wp-content\/uploads\/2022\/09\/la-kaz-art-son-galerie-974-Dominique-Dorla-artiste-re\u0301union-MPAudio-Michel-Plane-scaled.jpg","articleSection":["\u00c9v\u00e8nement pass\u00e9"],"inLanguage":"en-US","potentialAction":[{"@type":"CommentAction","name":"Comment","target":["https:\/\/dominiquedorla.re\/la-kaz-art-son-bientot-a-saint-pierre\/#respond"]}]},{"@type":"WebPage","@id":"https:\/\/dominiquedorla.re\/la-kaz-art-son-bientot-a-saint-pierre\/","url":"https:\/\/dominiquedorla.re\/la-kaz-art-son-bientot-a-saint-pierre\/","name":"La Kaz Art & Son, bient\u00f4t \u00e0 Saint Pierre - Dominique DORLA","isPartOf":{"@id":"https:\/\/dominiquedorla.re\/#website"},"primaryImageOfPage":{"@id":"https:\/\/dominiquedorla.re\/la-kaz-art-son-bientot-a-saint-pierre\/#primaryimage"},"image":{"@id":"https:\/\/dominiquedorla.re\/la-kaz-art-son-bientot-a-saint-pierre\/#primaryimage"},"thumbnailUrl":"https:\/\/dominiquedorla.re\/wp-content\/uploads\/2022\/09\/la-kaz-art-son-galerie-974-Dominique-Dorla-artiste-re\u0301union-MPAudio-Michel-Plane-scaled.jpg","datePublished":"2022-09-05T08:25:10+00:00","dateModified":"2024-04-13T12:35:49+00:00","description":"Dominique Dorla, artiste, a le plaisir de vous faire part avec Michel Plane de l'ouverture prochaine de leur espace d'exposition, La Kaz Art & Son au 26 rue Fran\u00e7ois Isautier \u00e0 Saint Pierre, R\u00e9union","breadcrumb":{"@id":"https:\/\/dominiquedorla.re\/la-kaz-art-son-bientot-a-saint-pierre\/#breadcrumb"},"inLanguage":"en-US","potentialAction":[{"@type":"ReadAction","target":["https:\/\/dominiquedorla.re\/la-kaz-art-son-bientot-a-saint-pierre\/"]}]},{"@type":"ImageObject","inLanguage":"en-US","@id":"https:\/\/dominiquedorla.re\/la-kaz-art-son-bientot-a-saint-pierre\/#primaryimage","url":"https:\/\/dominiquedorla.re\/wp-content\/uploads\/2022\/09\/la-kaz-art-son-galerie-974-Dominique-Dorla-artiste-re\u0301union-MPAudio-Michel-Plane-scaled.jpg","contentUrl":"https:\/\/dominiquedorla.re\/wp-content\/uploads\/2022\/09\/la-kaz-art-son-galerie-974-Dominique-Dorla-artiste-re\u0301union-MPAudio-Michel-Plane-scaled.jpg","width":1900,"height":1239,"caption":"La Kaz Art & Son, galerie sur Saint-Pierre"},{"@type":"BreadcrumbList","@id":"https:\/\/dominiquedorla.re\/la-kaz-art-son-bientot-a-saint-pierre\/#breadcrumb","itemListElement":[{"@type":"ListItem","position":1,"name":"Accueil","item":"https:\/\/dominiquedorla.re\/"},{"@type":"ListItem","position":2,"name":"La Kaz Art &#038; Son, bient\u00f4t \u00e0 Saint Pierre"}]},{"@type":"WebSite","@id":"https:\/\/dominiquedorla.re\/#website","url":"https:\/\/dominiquedorla.re\/","name":"Dominique DORLA","description":"Peintre, sculptrice bas\u00e9e \u00e0 la R\u00e9union","publisher":{"@id":"https:\/\/dominiquedorla.re\/#organization"},"potentialAction":[{"@type":"SearchAction","target":{"@type":"EntryPoint","urlTemplate":"https:\/\/dominiquedorla.re\/?s={search_term_string}"},"query-input":{"@type":"PropertyValueSpecification","valueRequired":true,"valueName":"search_term_string"}}],"inLanguage":"en-US"},{"@type":"Organization","@id":"https:\/\/dominiquedorla.re\/#organization","name":"Dominique DORLA - Artiste","url":"https:\/\/dominiquedorla.re\/","logo":{"@type":"ImageObject","inLanguage":"en-US","@id":"https:\/\/dominiquedorla.re\/#\/schema\/logo\/image\/","url":"https:\/\/dominiquedorla.re\/wp-content\/uploads\/2021\/12\/logo.jpg","contentUrl":"https:\/\/dominiquedorla.re\/wp-content\/uploads\/2021\/12\/logo.jpg","width":317,"height":148,"caption":"Dominique DORLA - Artiste"},"image":{"@id":"https:\/\/dominiquedorla.re\/#\/schema\/logo\/image\/"}},{"@type":"Person","@id":"https:\/\/dominiquedorla.re\/#\/schema\/person\/b353b1a0fa6c63575fb826d99e4cd7fb","name":"Michel Plane","image":{"@type":"ImageObject","inLanguage":"en-US","@id":"https:\/\/secure.gravatar.com\/avatar\/dfb83b57a1dedfc60afff5397d741221e4d6f923375a8760fd431b9e05b71041?s=96&d=mm&r=g","url":"https:\/\/secure.gravatar.com\/avatar\/dfb83b57a1dedfc60afff5397d741221e4d6f923375a8760fd431b9e05b71041?s=96&d=mm&r=g","contentUrl":"https:\/\/secure.gravatar.com\/avatar\/dfb83b57a1dedfc60afff5397d741221e4d6f923375a8760fd431b9e05b71041?s=96&d=mm&r=g","caption":"Michel Plane"},"url":"https:\/\/dominiquedorla.re\/en\/author\/michel\/"}]}},"_links":{"self":[{"href":"https:\/\/dominiquedorla.re\/en\/wp-json\/wp\/v2\/posts\/5892","targetHints":{"allow":["GET"]}}],"collection":[{"href":"https:\/\/dominiquedorla.re\/en\/wp-json\/wp\/v2\/posts"}],"about":[{"href":"https:\/\/dominiquedorla.re\/en\/wp-json\/wp\/v2\/types\/post"}],"author":[{"embeddable":true,"href":"https:\/\/dominiquedorla.re\/en\/wp-json\/wp\/v2\/users\/2"}],"replies":[{"embeddable":true,"href":"https:\/\/dominiquedorla.re\/en\/wp-json\/wp\/v2\/comments?post=5892"}],"version-history":[{"count":7,"href":"https:\/\/dominiquedorla.re\/en\/wp-json\/wp\/v2\/posts\/5892\/revisions"}],"predecessor-version":[{"id":5937,"href":"https:\/\/dominiquedorla.re\/en\/wp-json\/wp\/v2\/posts\/5892\/revisions\/5937"}],"wp:featuredmedia":[{"embeddable":true,"href":"https:\/\/dominiquedorla.re\/en\/wp-json\/wp\/v2\/media\/5935"}],"wp:attachment":[{"href":"https:\/\/dominiquedorla.re\/en\/wp-json\/wp\/v2\/media?parent=5892"}],"wp:term":[{"taxonomy":"category","embeddable":true,"href":"https:\/\/dominiquedorla.re\/en\/wp-json\/wp\/v2\/categories?post=5892"},{"taxonomy":"post_tag","embeddable":true,"href":"https:\/\/dominiquedorla.re\/en\/wp-json\/wp\/v2\/tags?post=5892"}],"curies":[{"name":"wp","href":"https:\/\/api.w.org\/{rel}","templated":true}]}}